{"id":1239,"date":"2022-05-30T07:21:09","date_gmt":"2022-05-30T06:21:09","guid":{"rendered":"https:\/\/uphymob.eu\/mobilite-h2-le-projet-uphymob-visant-a-ameliorer-les-competences-de-la-main-doeuvre-europeenne-pour-lavenir-de-la-mobilite-h2-a-officiellement-demarre\/"},"modified":"2022-10-06T14:47:46","modified_gmt":"2022-10-06T13:47:46","slug":"mobilite-h2-le-projet-uphymob-visant-a-ameliorer-les-competences-de-la-main-doeuvre-europeenne-pour-lavenir-de-la-mobilite-h2-a-officiellement-demarre","status":"publish","type":"post","link":"https:\/\/uphymob.eu\/fr\/mobilite-h2-le-projet-uphymob-visant-a-ameliorer-les-competences-de-la-main-doeuvre-europeenne-pour-lavenir-de-la-mobilite-h2-a-officiellement-demarre\/","title":{"rendered":"Mobilit\u00e9 H2 : le projet UpHyMob visant \u00e0 am\u00e9liorer les comp\u00e9tences de la main-d&rsquo;oeuvre europ\u00e9enne pour l&rsquo;avenir de la mobilit\u00e9 H2 a officiellement d\u00e9marr\u00e9"},"content":{"rendered":"\n<p>17\/05\/2022<\/p>\n\n<p>Le 17<sup>e<\/sup> Mai, les repr\u00e9sentants des cinq p<a href=\"https:\/\/uphymob.eu\/en\/who-we-are\/\" target=\"_blank\" rel=\"noreferrer noopener\">artenaires du consortium<\/a> se sont r\u00e9unis pour signifier le d\u00e9but des travaux du projet UpHyMob. UpHyMob signifie \u00ab Perfectionner les comp\u00e9tences de la main-d&rsquo;oeuvre europ\u00e9enne pour les flottes d&rsquo;hydrog\u00e8ne et l&rsquo;exploitation et la maintenance des infrastructures \u00bb. Le projet offrira de nouveaux outils pour aider la main-d&rsquo;oeuvre de l&rsquo;UE \u00e0 s&rsquo;adapter \u00e0 un sous-secteur en pleine croissance de l&rsquo;industrie \u00e9nerg\u00e9tique. Les objectifs du projet sont les suivants:  <\/p>\n\n<ol class=\"wp-block-list\" type=\"1\"><li>D\u00e9finir des exigences professionnelles \u00e0 l&rsquo;\u00e9chelle de l&rsquo;UE pour les techniciens en mobilit\u00e9 H2 qui refl\u00e8tent les besoins du secteur de la mobilit\u00e9 H2.<\/li><li>Concevoir et fournir un programme commun et des ressources \u00e9ducatives sur les comp\u00e9tences des techniciens H2 mobilit\u00e9, \u00e0 int\u00e9grer dans les dispositions de formation formelles et non formelles.<\/li><li>Introduire et tester des m\u00e9thodes de formation flexibles et contemporaines et des ressources p\u00e9dagogiques en acc\u00e8s libre, afin de soutenir l&rsquo;acquisition de comp\u00e9tences de mobilit\u00e9 H2 \u00e0 rythme individuel.<\/li><li>Pr\u00e9parer la voie \u00e0 la reconnaissance, la validation et l&rsquo;int\u00e9gration de nouvelles exigences et qualifications en mati\u00e8re de comp\u00e9tences pour les techniciens en mobilit\u00e9 H2 dans les syst\u00e8mes pertinents.<\/li><\/ol>\n<p>Les partenaires ont discut\u00e9 plus en d\u00e9tail des activit\u00e9s pr\u00e9vues et des r\u00e9sultats du projet. Au cours de la phase initiale du projet, le consortium effectuera une analyse des besoins actuels en comp\u00e9tences et proposera des formations pertinentes existantes. La recherche s&rsquo;\u00e9tendra aux pays du consortium et au territoire de l&rsquo;UE en g\u00e9n\u00e9ral. La m\u00e9thodologie de recherche, en cours d&rsquo;\u00e9laboration par Promea, est d\u00e9j\u00e0 \u00e0 un stade avanc\u00e9. La m\u00e9thodologie sera bient\u00f4t livr\u00e9e et l&rsquo;analyse commencera.    <\/p>\n\n<p>Le partenariat esp\u00e8re apporter sa contribution au domaine de plus en plus pertinent de la mobilit\u00e9 du H2, dont les avantages sont conformes aux objectifs de l\u2019UE en mati\u00e8re d\u2019environnement, de politique \u00e9nerg\u00e9tique et d\u2019employabilit\u00e9.<\/p>\n\n<p>Le consortium UpHyMob se compose de:<\/p>\n\n<h4 class=\"wp-block-heading\"><a href=\"https:\/\/hidrogenoaragon.org\/en\/\" target=\"_blank\" rel=\"noreferrer noopener\">Fondation Aragon Hydrog\u00e8ne<\/a> (partenaire principal)<br\/><a href=\"http:\/\/promea.gr\/\" target=\"_blank\" rel=\"noreferrer noopener\">Promea<\/a><br\/><a href=\"https:\/\/tecnico.ulisboa.pt\/\" target=\"_blank\" rel=\"noreferrer noopener\">Instituto Superior T\u00e9cnico<\/a><br\/><a href=\"http:\/\/gruposanvalero.es\" target=\"_blank\" rel=\"noreferrer noopener\">Fundaci\u00f3n San Valero<\/a><br\/><a href=\"http:\/\/www.innovela.be\/\" target=\"_blank\" rel=\"noreferrer noopener\">Innovela sprl<\/a> (responsable de la diffusion)<\/h4>\n\n<p><em>Une s\u00e9rie d&rsquo;activit\u00e9s ont \u00e9t\u00e9 con\u00e7ues pour atteindre les objectifs susmentionn\u00e9s. <a href=\"https:\/\/uphymob.eu\/en\/h2-mobility-activities-to-support-upskilling-the-eu-workforce-for-hydrogen-fleets\/\" target=\"_blank\" rel=\"noreferrer noopener\">Lisez ici<\/a> comment le consortium entend les atteindre.<\/em><\/p>\n","protected":false},"excerpt":{"rendered":"<p>Le 17 mai, les repr\u00e9sentants des cinq partenaires du consortium se sont r\u00e9unis pour signifier le d\u00e9but des travaux du projet UpHyMob.<\/p>\n","protected":false},"author":1,"featured_media":1121,"comment_status":"closed","ping_status":"closed","sticky":false,"template":"","format":"standard","meta":{"footnotes":""},"categories":[20],"tags":[],"class_list":["post-1239","post","type-post","status-publish","format-standard","has-post-thumbnail","hentry","category-non-classifiee"],"_links":{"self":[{"href":"https:\/\/uphymob.eu\/fr\/wp-json\/wp\/v2\/posts\/1239","targetHints":{"allow":["GET"]}}],"collection":[{"href":"https:\/\/uphymob.eu\/fr\/wp-json\/wp\/v2\/posts"}],"about":[{"href":"https:\/\/uphymob.eu\/fr\/wp-json\/wp\/v2\/types\/post"}],"author":[{"embeddable":true,"href":"https:\/\/uphymob.eu\/fr\/wp-json\/wp\/v2\/users\/1"}],"replies":[{"embeddable":true,"href":"https:\/\/uphymob.eu\/fr\/wp-json\/wp\/v2\/comments?post=1239"}],"version-history":[{"count":1,"href":"https:\/\/uphymob.eu\/fr\/wp-json\/wp\/v2\/posts\/1239\/revisions"}],"predecessor-version":[{"id":1240,"href":"https:\/\/uphymob.eu\/fr\/wp-json\/wp\/v2\/posts\/1239\/revisions\/1240"}],"wp:featuredmedia":[{"embeddable":true,"href":"https:\/\/uphymob.eu\/fr\/wp-json\/wp\/v2\/media\/1121"}],"wp:attachment":[{"href":"https:\/\/uphymob.eu\/fr\/wp-json\/wp\/v2\/media?parent=1239"}],"wp:term":[{"taxonomy":"category","embeddable":true,"href":"https:\/\/uphymob.eu\/fr\/wp-json\/wp\/v2\/categories?post=1239"},{"taxonomy":"post_tag","embeddable":true,"href":"https:\/\/uphymob.eu\/fr\/wp-json\/wp\/v2\/tags?post=1239"}],"curies":[{"name":"wp","href":"https:\/\/api.w.org\/{rel}","templated":true}]}}